{"id":4934,"date":"2021-01-16T11:18:15","date_gmt":"2021-01-16T16:18:15","guid":{"rendered":"https:\/\/christianediting.com\/?p=4934"},"modified":"2021-01-16T13:10:52","modified_gmt":"2021-01-16T18:10:52","slug":"el-gran-legado","status":"publish","type":"post","link":"https:\/\/christianediting.com\/?p=4934","title":{"rendered":"El gran legado"},"content":{"rendered":"\n<div class=\"wp-block-group\"><div class=\"wp-block-group__inner-container is-layout-flow wp-block-group-is-layout-flow\">\n<div class=\"wp-block-columns is-layout-flex wp-container-core-columns-is-layout-9d6595d7 wp-block-columns-is-layout-flex\">\n<div class=\"wp-block-column is-layout-flow wp-block-column-is-layout-flow\" style=\"flex-basis:100%\">\n<div class=\"wp-block-group\"><div class=\"wp-block-group__inner-container is-layout-flow wp-block-group-is-layout-flow\">\n<div class=\"wp-block-group\"><div class=\"wp-block-group__inner-container is-layout-flow wp-block-group-is-layout-flow\">\n<div class=\"wp-block-group\"><div class=\"wp-block-group__inner-container is-layout-flow wp-block-group-is-layout-flow\">\n<div class=\"wp-block-group\"><div class=\"wp-block-group__inner-container is-layout-flow wp-block-group-is-layout-flow\">\n<pre class=\"wp-block-preformatted\"><strong>Christian Editing<\/strong>\nCAT\u00c1LOGO 2020<\/pre>\n<\/div><\/div>\n<\/div><\/div>\n<\/div><\/div>\n\n\n\n<div class=\"wp-block-group\"><div class=\"wp-block-group__inner-container is-layout-flow wp-block-group-is-layout-flow\">\n<div class=\"wp-block-group\"><div class=\"wp-block-group__inner-container is-layout-flow wp-block-group-is-layout-flow\">\n<div class=\"wp-block-group\"><div class=\"wp-block-group__inner-container is-layout-flow wp-block-group-is-layout-flow\">\n<div class=\"wp-block-media-text alignwide is-stacked-on-mobile\"><figure class=\"wp-block-media-text__media\"><img loading=\"lazy\" decoding=\"async\" width=\"660\" height=\"1024\" src=\"https:\/\/christianediting.com\/wp-content\/uploads\/2021\/01\/TAPA-El-gran-legado_-660x1024.jpg\" alt=\"\" class=\"wp-image-4935 size-full\" srcset=\"https:\/\/christianediting.com\/wp-content\/uploads\/2021\/01\/TAPA-El-gran-legado_-660x1024.jpg 660w, https:\/\/christianediting.com\/wp-content\/uploads\/2021\/01\/TAPA-El-gran-legado_-193x300.jpg 193w, https:\/\/christianediting.com\/wp-content\/uploads\/2021\/01\/TAPA-El-gran-legado_-990x1536.jpg 990w, https:\/\/christianediting.com\/wp-content\/uploads\/2021\/01\/TAPA-El-gran-legado_-1320x2048.jpg 1320w, https:\/\/christianediting.com\/wp-content\/uploads\/2021\/01\/TAPA-El-gran-legado_.jpg 1590w\" sizes=\"auto, (max-width: 660px) 100vw, 660px\" \/><\/figure><div class=\"wp-block-media-text__content\">\n<p>Viv\u00ed junto a mi pap\u00e1 por veinte a\u00f1os. De toda mi familia, s\u00f3lo \u00e9l y yo decidimos seguir a Jesucristo. Ten\u00eda una gran biblioteca y estaba dedicado a su familia, a su trabajo y a cumplir con todo lo relacionado con la iglesia. Viv\u00eda agradeciendo a Dios por todo lo que nos regala diariamente. Fue un hombre muy sabio, al cual admir\u00e9 much\u00edsimo.<\/p>\n\n\n\n<p><strong>Nosotros los cristianos luchamos contra todo por el amor a Dios.<\/strong><\/p>\n<\/div><\/div>\n<\/div><\/div>\n<\/div><\/div>\n<\/div><\/div>\n<\/div><\/div>\n\n\n\n<div class=\"wp-block-group\"><div class=\"wp-block-group__inner-container is-layout-flow wp-block-group-is-layout-flow\">\n<div class=\"wp-block-group\"><div class=\"wp-block-group__inner-container is-layout-flow wp-block-group-is-layout-flow\">\n<div class=\"wp-block-group\"><div class=\"wp-block-group__inner-container is-layout-flow wp-block-group-is-layout-flow\">\n<div class=\"wp-block-group\"><div class=\"wp-block-group__inner-container is-layout-flow wp-block-group-is-layout-flow\">\n<div class=\"wp-block-group\"><div class=\"wp-block-group__inner-container is-layout-flow wp-block-group-is-layout-flow\">\n<div class=\"wp-block-group\"><div class=\"wp-block-group__inner-container is-layout-flow wp-block-group-is-layout-flow\">\n<div class=\"wp-block-group\"><div class=\"wp-block-group__inner-container is-layout-flow wp-block-group-is-layout-flow\">\n<div class=\"wp-block-group\"><div class=\"wp-block-group__inner-container is-layout-flow wp-block-group-is-layout-flow\">\n<div class=\"wp-block-columns is-layout-flex wp-container-core-columns-is-layout-9d6595d7 wp-block-columns-is-layout-flex\"><\/div>\n<\/div><\/div>\n<\/div><\/div>\n<\/div><\/div>\n<\/div><\/div>\n<\/div><\/div>\n<\/div><\/div>\n<\/div><\/div>\n<\/div><\/div>\n\n\n\n<p><strong>Celia Benicia Hevia Aguiar<\/strong>&nbsp;naci\u00f3 el 20 de septiembre de 1963 en La Paz, Baja California Sur, M\u00e9xico. Es Licenciada en Derecho y comerciante. Desde muy joven se dedic\u00f3 a escribir poemas y a pintar. Trabaj\u00f3 como Subdelegada Jur\u00eddica (2013, 2015) en la Procuradur\u00eda Federal de Protecci\u00f3n al Ambiente (PROFEPA). Actualmente colabora en la notaria de su hermana Nancy Hevia.<\/p>\n<\/div>\n<\/div>\n\n\n\n<div class=\"wp-block-group\"><div class=\"wp-block-group__inner-container is-layout-flow wp-block-group-is-layout-flow\">\n<div class=\"wp-block-group\"><div class=\"wp-block-group__inner-container is-layout-flow wp-block-group-is-layout-flow\">\n<pre class=\"wp-block-preformatted\"><strong><em>El gran legado<\/em><\/strong>\nBiograf\u00eda&nbsp;\u2022&nbsp;Oraciones&nbsp;\u2022&nbsp;Poemas\nCelia Benicia Hevia Aguiar\n<strong>Christian Editing Publishing House<\/strong>\nISBN&nbsp;978-1-938310-16-4\nCategor\u00eda:&nbsp;Biograf\u00eda. Testimonio. Poes\u00eda.\nFormato: Softcover, 5.37\u2033 x 8.25\u2033\nP\u00e1ginas:&nbsp;80<\/pre>\n\n\n\n<p><\/p>\n<\/div><\/div>\n<\/div><\/div>\n<\/div><\/div>\n\n\n\n<p>VENTAS:<br \/>Adqui\u00e9ralo en su librer\u00eda favorita o p\u00eddalo a su librero o distribuidor.<br \/>Para ventas mayoristas, escriba a:<br \/><em>Ventas@ChristianEditing.com<br \/><\/em>Tel. (305) 807-3811<\/p>\n","protected":false},"excerpt":{"rendered":"<p>Christian Editing CAT\u00c1LOGO 2020<br \/>\n \u2022 Oraciones \u2022 Poemas Nosotros los cristianos luchamos contra todo por el amor a Dios.<\/p>\n","protected":false},"author":1,"featured_media":4935,"comment_status":"open","ping_status":"closed","sticky":false,"template":"","format":"standard","meta":{"om_disable_all_campaigns":false,"_exactmetrics_skip_tracking":false,"_exactmetrics_sitenote_active":false,"_exactmetrics_sitenote_note":"","_exactmetrics_sitenote_category":0,"_monsterinsights_skip_tracking":false,"_monsterinsights_sitenote_active":false,"_monsterinsights_sitenote_note":"","_monsterinsights_sitenote_category":0,"footnotes":""},"categories":[11],"tags":[31,32],"class_list":["post-4934","post","type-post","status-publish","format-standard","has-post-thumbnail","hentry","category-novedades","tag-biografia","tag-poemas","entry"],"aioseo_notices":[],"_links":{"self":[{"href":"https:\/\/christianediting.com\/index.php?rest_route=\/wp\/v2\/posts\/4934","targetHints":{"allow":["GET"]}}],"collection":[{"href":"https:\/\/christianediting.com\/index.php?rest_route=\/wp\/v2\/posts"}],"about":[{"href":"https:\/\/christianediting.com\/index.php?rest_route=\/wp\/v2\/types\/post"}],"author":[{"embeddable":true,"href":"https:\/\/christianediting.com\/index.php?rest_route=\/wp\/v2\/users\/1"}],"replies":[{"embeddable":true,"href":"https:\/\/christianediting.com\/index.php?rest_route=%2Fwp%2Fv2%2Fcomments&post=4934"}],"version-history":[{"count":12,"href":"https:\/\/christianediting.com\/index.php?rest_route=\/wp\/v2\/posts\/4934\/revisions"}],"predecessor-version":[{"id":4959,"href":"https:\/\/christianediting.com\/index.php?rest_route=\/wp\/v2\/posts\/4934\/revisions\/4959"}],"wp:featuredmedia":[{"embeddable":true,"href":"https:\/\/christianediting.com\/index.php?rest_route=\/wp\/v2\/media\/4935"}],"wp:attachment":[{"href":"https:\/\/christianediting.com\/index.php?rest_route=%2Fwp%2Fv2%2Fmedia&parent=4934"}],"wp:term":[{"taxonomy":"category","embeddable":true,"href":"https:\/\/christianediting.com\/index.php?rest_route=%2Fwp%2Fv2%2Fcategories&post=4934"},{"taxonomy":"post_tag","embeddable":true,"href":"https:\/\/christianediting.com\/index.php?rest_route=%2Fwp%2Fv2%2Ftags&post=4934"}],"curies":[{"name":"wp","href":"https:\/\/api.w.org\/{rel}","templated":true}]}}