{"id":5036,"date":"2021-07-09T08:26:36","date_gmt":"2021-07-09T12:26:36","guid":{"rendered":"https:\/\/christianediting.com\/?p=5036"},"modified":"2021-07-09T08:27:38","modified_gmt":"2021-07-09T12:27:38","slug":"con-fervor-y-pasion","status":"publish","type":"post","link":"https:\/\/christianediting.com\/?p=5036","title":{"rendered":"\u00a1Con fervor y pasi\u00f3n!"},"content":{"rendered":"\n<pre class=\"wp-block-preformatted\"><strong>Christian Editing<\/strong>   \nCAT\u00c1LOGO 2021<\/pre>\n\n\n\n<div class=\"wp-block-media-text alignwide is-stacked-on-mobile\"><figure class=\"wp-block-media-text__media\"><img loading=\"lazy\" decoding=\"async\" width=\"658\" height=\"1024\" src=\"https:\/\/christianediting.com\/wp-content\/uploads\/2021\/07\/CON-FERVOR-Y-PASION-2-658x1024.jpg\" alt=\"\" class=\"wp-image-5037 size-full\" srcset=\"https:\/\/christianediting.com\/wp-content\/uploads\/2021\/07\/CON-FERVOR-Y-PASION-2-658x1024.jpg 658w, https:\/\/christianediting.com\/wp-content\/uploads\/2021\/07\/CON-FERVOR-Y-PASION-2-193x300.jpg 193w, https:\/\/christianediting.com\/wp-content\/uploads\/2021\/07\/CON-FERVOR-Y-PASION-2.jpg 963w\" sizes=\"auto, (max-width: 658px) 100vw, 658px\" \/><\/figure><div class=\"wp-block-media-text__content\">\n<p>Hay un anhelo profundo que sale de las entra\u00f1as de nuestra existencia que clama&nbsp;<em>con fervor y pasi\u00f3n<\/em>&nbsp;\u00a1que esto cambie!<\/p>\n\n\n\n<p>Porque \u201c<strong>esto\u201d&nbsp;<\/strong>se refiere a cualquier situaci\u00f3n que est\u00e1s enfrentando en la vida. \u00bfQui\u00e9n no ha deseado esto en alg\u00fan momento?<\/p>\n\n\n\n<p>El profundo an\u00e1lisis te llevar\u00e1 a la sanidad divina por medio de la oraci\u00f3n al Creador, \u00edntima, centrada y prof\u00e9tica.&nbsp;<\/p>\n\n\n\n<p>Un libro que renueva pensamientos y cambia vidas. Gu\u00eda en el trayecto de destinos para estos \u00faltimos tiempos complejos y de transcendentales victorias.<\/p>\n\n\n\n<p>El \u00faltimo de una serie de tres:\u00a0<\/p>\n\n\n\n<ul class=\"wp-block-list\"><li><em>\u00a1Qu\u00e9 esto cambie!<\/em><\/li><li><em>Que esto cambie\u2026 \u00a1Pa\u2019 la otra p\u00e1gina!<\/em><\/li><li><em>Que esto cambie\u2026 \u00a1Con fervor y pasi\u00f3n!<\/em><\/li><\/ul>\n<\/div><\/div>\n\n\n\n<div class=\"wp-block-media-text alignwide is-stacked-on-mobile\" style=\"grid-template-columns:24% auto\"><figure class=\"wp-block-media-text__media\"><img loading=\"lazy\" decoding=\"async\" width=\"618\" height=\"1024\" src=\"https:\/\/christianediting.com\/wp-content\/uploads\/2020\/08\/IMG_7563-CloseUp-copy-618x1024.png\" alt=\"\" class=\"wp-image-4877 size-full\" srcset=\"https:\/\/christianediting.com\/wp-content\/uploads\/2020\/08\/IMG_7563-CloseUp-copy-618x1024.png 618w, https:\/\/christianediting.com\/wp-content\/uploads\/2020\/08\/IMG_7563-CloseUp-copy-181x300.png 181w, https:\/\/christianediting.com\/wp-content\/uploads\/2020\/08\/IMG_7563-CloseUp-copy-927x1536.png 927w, https:\/\/christianediting.com\/wp-content\/uploads\/2020\/08\/IMG_7563-CloseUp-copy.png 1048w\" sizes=\"auto, (max-width: 618px) 100vw, 618px\" \/><\/figure><div class=\"wp-block-media-text__content\">\n<p><strong>Flor de Mar\u00eda Morales Peterson<\/strong>,escritora y conferencista internacional. L\u00edder retirada\u00a0de una compa\u00f1\u00eda norteamericana\u00a0<em>Fortuna 500<\/em>. Sus libros de las series\u00a0<em>\u00a1Qu\u00e9 esto cambie!<\/em>\u00a0y\u00a0<em>Cl\u00ednica para el Alma<\/em>\u00a0son utilizados como herramientas educativas. Miembro de la Asociaci\u00f3n para la Educaci\u00f3n Teol\u00f3gica Hispana (AETH). Productora y distintiva voz radial del Caribe; con m\u00e1s de 30 a\u00f1os de servicio al Reino del Se\u00f1or Jesucristo. Cofundadora y Codirectora de la primera Extensi\u00f3n del Instituto B\u00edblico Hispano de la\u00a0Universidad Teol\u00f3gica del Caribe (UTC), Iglesia de Dios en St. Thomas, Islas V\u00edrgenes, y\u00a0Miembro de la Facultad IDD-Instituto B\u00edblico (UTC),\u00a0IBISA &#8211; Caribe.\u00a0Incluida en el registro de ejecutivos y profesionales de m\u00e1s logros en Estados Unidos, de la Organizaci\u00f3n\u00a0<em>Madison Who\u2019s Who of Executives and Professionals, Inc.<\/em>\u00a0En el a\u00f1o 2011 recibi\u00f3 el Certificado Especial de Reconocimiento del Congreso de los Estados\u00a0Unidos (Islas V\u00edrgenes) por\u00a0sus servicios ministeriales.<\/p>\n<\/div><\/div>\n\n\n\n<pre class=\"wp-block-preformatted\"><em><strong><em>\u00a1Con fervor y pasi\u00f3n!<\/em><\/strong><\/em>\nFlor de Mar\u00eda Morales Peterson\n<strong>Christian Editing Publishing House<\/strong>   \nISBN 978-1-7369806-1-3\nCategor\u00eda: Crecimiento espiritual\nFormato: Softcover, 5.37 x 8.25\u201d\nP\u00e1ginas:\u00a0272<\/pre>\n\n\n\n<pre class=\"wp-block-preformatted\">VENTAS:   \nAdqui\u00e9ralo en su librer\u00eda favorita o p\u00eddalo a su librero o distribuidor.   \nPara ventas mayoristas, escriba a: <em>Ventas@ChristianEditing.com <\/em>  \nTel. (305) 807-3811<\/pre>\n","protected":false},"excerpt":{"rendered":"<p>Christian Editing. CAT\u00c1LOGO 2021. Un libro que renueva pensamientos y cambia vidas. Gu\u00eda en el trayecto de destinos para estos \u00faltimos tiempos complejos y de transcendentales victorias.<\/p>\n","protected":false},"author":1,"featured_media":5037,"comment_status":"open","ping_status":"closed","sticky":false,"template":"","format":"aside","meta":{"om_disable_all_campaigns":false,"_exactmetrics_skip_tracking":false,"_exactmetrics_sitenote_active":false,"_exactmetrics_sitenote_note":"","_exactmetrics_sitenote_category":0,"_monsterinsights_skip_tracking":false,"_monsterinsights_sitenote_active":false,"_monsterinsights_sitenote_note":"","_monsterinsights_sitenote_category":0,"footnotes":""},"categories":[11],"tags":[],"class_list":["post-5036","post","type-post","status-publish","format-aside","has-post-thumbnail","hentry","category-novedades","post_format-post-format-aside","entry"],"aioseo_notices":[],"_links":{"self":[{"href":"https:\/\/christianediting.com\/index.php?rest_route=\/wp\/v2\/posts\/5036","targetHints":{"allow":["GET"]}}],"collection":[{"href":"https:\/\/christianediting.com\/index.php?rest_route=\/wp\/v2\/posts"}],"about":[{"href":"https:\/\/christianediting.com\/index.php?rest_route=\/wp\/v2\/types\/post"}],"author":[{"embeddable":true,"href":"https:\/\/christianediting.com\/index.php?rest_route=\/wp\/v2\/users\/1"}],"replies":[{"embeddable":true,"href":"https:\/\/christianediting.com\/index.php?rest_route=%2Fwp%2Fv2%2Fcomments&post=5036"}],"version-history":[{"count":3,"href":"https:\/\/christianediting.com\/index.php?rest_route=\/wp\/v2\/posts\/5036\/revisions"}],"predecessor-version":[{"id":5040,"href":"https:\/\/christianediting.com\/index.php?rest_route=\/wp\/v2\/posts\/5036\/revisions\/5040"}],"wp:featuredmedia":[{"embeddable":true,"href":"https:\/\/christianediting.com\/index.php?rest_route=\/wp\/v2\/media\/5037"}],"wp:attachment":[{"href":"https:\/\/christianediting.com\/index.php?rest_route=%2Fwp%2Fv2%2Fmedia&parent=5036"}],"wp:term":[{"taxonomy":"category","embeddable":true,"href":"https:\/\/christianediting.com\/index.php?rest_route=%2Fwp%2Fv2%2Fcategories&post=5036"},{"taxonomy":"post_tag","embeddable":true,"href":"https:\/\/christianediting.com\/index.php?rest_route=%2Fwp%2Fv2%2Ftags&post=5036"}],"curies":[{"name":"wp","href":"https:\/\/api.w.org\/{rel}","templated":true}]}}