{"id":5423,"date":"2024-03-11T17:24:33","date_gmt":"2024-03-11T21:24:33","guid":{"rendered":"https:\/\/christianediting.com\/?p=5423"},"modified":"2024-03-11T17:30:49","modified_gmt":"2024-03-11T21:30:49","slug":"sus-heridas-me-sanaron","status":"publish","type":"post","link":"https:\/\/christianediting.com\/?p=5423","title":{"rendered":"Sus heridas me sanaron"},"content":{"rendered":"\n<div class=\"wp-block-group is-vertical is-layout-flex wp-container-core-group-is-layout-8cf370e7 wp-block-group-is-layout-flex\">\n<p><strong>Christian Editing<\/strong><\/p>\n\n\n\n<p>CAT\u00c1LOGO 2024<\/p>\n<\/div>\n\n\n\n<div class=\"wp-block-media-text is-stacked-on-mobile\" style=\"grid-template-columns:60% auto\"><figure class=\"wp-block-media-text__media\"><img loading=\"lazy\" decoding=\"async\" width=\"683\" height=\"1024\" src=\"https:\/\/christianediting.com\/wp-content\/uploads\/2024\/03\/Tus_heridas_sanaron-683x1024.jpg\" alt=\"\" class=\"wp-image-5424 size-full\" srcset=\"https:\/\/christianediting.com\/wp-content\/uploads\/2024\/03\/Tus_heridas_sanaron-683x1024.jpg 683w, https:\/\/christianediting.com\/wp-content\/uploads\/2024\/03\/Tus_heridas_sanaron-200x300.jpg 200w, https:\/\/christianediting.com\/wp-content\/uploads\/2024\/03\/Tus_heridas_sanaron-150x225.jpg 150w, https:\/\/christianediting.com\/wp-content\/uploads\/2024\/03\/Tus_heridas_sanaron-1024x1536.jpg 1024w, https:\/\/christianediting.com\/wp-content\/uploads\/2024\/03\/Tus_heridas_sanaron-1365x2048.jpg 1365w, https:\/\/christianediting.com\/wp-content\/uploads\/2024\/03\/Tus_heridas_sanaron.jpg 1653w\" sizes=\"auto, (max-width: 683px) 100vw, 683px\" \/><\/figure><div class=\"wp-block-media-text__content\">\n<div class=\"wp-block-group is-vertical is-layout-flex wp-container-core-group-is-layout-8cf370e7 wp-block-group-is-layout-flex\">\n<div class=\"wp-block-group is-vertical is-layout-flex wp-container-core-group-is-layout-8cad6afd wp-block-group-is-layout-flex\">\n<p style=\"font-size:19px\"><strong>Teo-Terapia para traumas emocionales.<\/strong><\/p>\n\n\n\n<p style=\"font-size:19px\">Daisy Vega Cardona, PhD.<\/p>\n<\/div>\n<\/div>\n\n\n\n<p style=\"font-size:20px\">Una gu\u00eda b\u00edblica que hace un recorrido de ocho d\u00edas, estudiando y reflexionando acerca de las heridas de Cristo desde una perspectiva f\u00edsica, emocional y espiritual.&nbsp;<\/p>\n\n\n\n<p style=\"font-size:20px\">Cada evento que vivi\u00f3 Jes\u00fas camino al G\u00f3lgota marca una lista inmensa de datos atados a la redenci\u00f3n del hombre. El an\u00e1lisis que aqu\u00ed se hace combina la Palabra de Dios con t\u00e9cnicas de psicolog\u00eda, para ayudarnos a encaminar el proceso de restauraci\u00f3n.<\/p>\n<\/div><\/div>\n\n\n\n<div class=\"wp-block-group is-vertical is-layout-flex wp-container-core-group-is-layout-8cf370e7 wp-block-group-is-layout-flex\">\n<p><strong>Un libro que activa una luz de esperanza en el coraz\u00f3n del ser humano.&nbsp;<\/strong><\/p>\n\n\n\n<p>Excelente teo-terapia para el uso tanto de pastores, ministros y consejeros como para el p\u00fablico en general.<\/p>\n<\/div>\n\n\n\n<div class=\"wp-block-media-text is-stacked-on-mobile\" style=\"grid-template-columns:33% auto\"><figure class=\"wp-block-media-text__media\"><img loading=\"lazy\" decoding=\"async\" width=\"906\" height=\"1024\" src=\"https:\/\/christianediting.com\/wp-content\/uploads\/2024\/03\/Daisy-Vega-906x1024.jpg\" alt=\"\" class=\"wp-image-5425 size-full\" srcset=\"https:\/\/christianediting.com\/wp-content\/uploads\/2024\/03\/Daisy-Vega-906x1024.jpg 906w, https:\/\/christianediting.com\/wp-content\/uploads\/2024\/03\/Daisy-Vega-265x300.jpg 265w, https:\/\/christianediting.com\/wp-content\/uploads\/2024\/03\/Daisy-Vega-1359x1536.jpg 1359w, https:\/\/christianediting.com\/wp-content\/uploads\/2024\/03\/Daisy-Vega.jpg 1516w\" sizes=\"auto, (max-width: 906px) 100vw, 906px\" \/><\/figure><div class=\"wp-block-media-text__content\">\n<p><strong>Daisy Vega Cardona<\/strong>&nbsp;posee un Bachillerato en Educaci\u00f3n Especial, una Maestr\u00eda en Consejer\u00eda Pastoral y un Doctorado Psicolog\u00eda Cl\u00ednica Pastoral. Sus din\u00e1micas ense\u00f1anzas est\u00e1n enfocadas en la sanidad interior y liberaci\u00f3n del cautivo. Numerosos testimonios de sanidad f\u00edsica, emocional y de liberaci\u00f3n espiritual acreditan su comprometida trayectoria ministerial. Es autora de textos que van al fondo de las grandes dolencias del ser humano y explican sus causas profundas, como&nbsp;<em>Liberaci\u00f3n el atrio<\/em>&nbsp;(2012),&nbsp;<em>Las fuentes de todo mal<\/em>&nbsp;(2014) y&nbsp;<em>Descubra la ra\u00edz de los conflictos<\/em>&nbsp;(2019).&nbsp;En la actualidad, la Dra. Daisy Vega forma parte del equipo pastoral de la Iglesia Casa de Gracia, de los pastores Manny y Keyla Ayala, en Spring Hill, Florida.<\/p>\n<\/div><\/div>\n\n\n\n<ul class=\"wp-block-list\">\n<li><strong>Christian Editing Publishing House<\/strong><\/li>\n\n\n\n<li>ISBN:&nbsp;979-8-9882864-5-5<\/li>\n\n\n\n<li>Categor\u00edas:&nbsp;Vida cristiana. Crecimiento espiritual.<\/li>\n\n\n\n<li>Formato:&nbsp;5 x 8.5 pulgadas<\/li>\n\n\n\n<li>P\u00e1ginas: 96<\/li>\n<\/ul>\n\n\n\n<ul class=\"wp-block-list\">\n<li>VENTAS:&nbsp;<\/li>\n\n\n\n<li>Adqui\u00e9ralo en su librer\u00eda favorita o p\u00eddalo a su librero o distribuidor.&nbsp;&nbsp;&nbsp;&nbsp;&nbsp;&nbsp;<\/li>\n\n\n\n<li>Para ventas mayoristas, escriba a:&nbsp;<\/li>\n\n\n\n<li><em>Ventas@ChristianEditing.com&nbsp;&nbsp;&nbsp;&nbsp;&nbsp;&nbsp;<\/em><\/li>\n\n\n\n<li>Tel. (305) 807-3811<\/li>\n<\/ul>\n","protected":false},"excerpt":{"rendered":"<p>Christian Editing. CAT\u00c1LOGO 2024.<br \/>\nOcho d\u00edas estudiando y reflexionando acerca de las heridas de Cristo desde una perspectiva f\u00edsica, emocional y espiritual. <\/p>\n","protected":false},"author":1,"featured_media":5424,"comment_status":"open","ping_status":"closed","sticky":false,"template":"","format":"aside","meta":{"om_disable_all_campaigns":false,"_exactmetrics_skip_tracking":false,"_exactmetrics_sitenote_active":false,"_exactmetrics_sitenote_note":"","_exactmetrics_sitenote_category":0,"_monsterinsights_skip_tracking":false,"_monsterinsights_sitenote_active":false,"_monsterinsights_sitenote_note":"","_monsterinsights_sitenote_category":0,"footnotes":""},"categories":[11],"tags":[52],"class_list":["post-5423","post","type-post","status-publish","format-aside","has-post-thumbnail","hentry","category-novedades","tag-traumas-emocionales","post_format-post-format-aside","entry"],"aioseo_notices":[],"_links":{"self":[{"href":"https:\/\/christianediting.com\/index.php?rest_route=\/wp\/v2\/posts\/5423","targetHints":{"allow":["GET"]}}],"collection":[{"href":"https:\/\/christianediting.com\/index.php?rest_route=\/wp\/v2\/posts"}],"about":[{"href":"https:\/\/christianediting.com\/index.php?rest_route=\/wp\/v2\/types\/post"}],"author":[{"embeddable":true,"href":"https:\/\/christianediting.com\/index.php?rest_route=\/wp\/v2\/users\/1"}],"replies":[{"embeddable":true,"href":"https:\/\/christianediting.com\/index.php?rest_route=%2Fwp%2Fv2%2Fcomments&post=5423"}],"version-history":[{"count":5,"href":"https:\/\/christianediting.com\/index.php?rest_route=\/wp\/v2\/posts\/5423\/revisions"}],"predecessor-version":[{"id":5432,"href":"https:\/\/christianediting.com\/index.php?rest_route=\/wp\/v2\/posts\/5423\/revisions\/5432"}],"wp:featuredmedia":[{"embeddable":true,"href":"https:\/\/christianediting.com\/index.php?rest_route=\/wp\/v2\/media\/5424"}],"wp:attachment":[{"href":"https:\/\/christianediting.com\/index.php?rest_route=%2Fwp%2Fv2%2Fmedia&parent=5423"}],"wp:term":[{"taxonomy":"category","embeddable":true,"href":"https:\/\/christianediting.com\/index.php?rest_route=%2Fwp%2Fv2%2Fcategories&post=5423"},{"taxonomy":"post_tag","embeddable":true,"href":"https:\/\/christianediting.com\/index.php?rest_route=%2Fwp%2Fv2%2Ftags&post=5423"}],"curies":[{"name":"wp","href":"https:\/\/api.w.org\/{rel}","templated":true}]}}